{"id":1993,"date":"2025-09-08T13:25:20","date_gmt":"2025-09-08T13:25:20","guid":{"rendered":"https:\/\/varaszo.hu\/?p=1993"},"modified":"2025-09-08T13:25:47","modified_gmt":"2025-09-08T13:25:47","slug":"lakossagi-riaszto-eszkozok-szirena-probaja","status":"publish","type":"post","link":"https:\/\/varaszo.hu\/?p=1993","title":{"rendered":"Lakoss\u00e1gi riaszt\u00f3 eszk\u00f6z\u00f6k (szir\u00e9na) pr\u00f3b\u00e1ja"},"content":{"rendered":"\n<p><strong>Tisztelt Lakoss\u00e1g!<\/strong><\/p>\n\n\n\n<p><strong>Lakoss\u00e1gi riaszt\u00f3 eszk\u00f6z\u00f6k (szir\u00e9na) pr\u00f3b\u00e1ja V\u00e1rasz\u00f3 ter\u00fclet\u00e9n<\/strong><\/p>\n\n\n\n<p><strong>T\u00e1j\u00e9koztatom a tisztelt lakoss\u00e1got, hogy\u00a0<strong>V\u00e1rasz\u00f3 <\/strong>telep\u00fcl\u00e9s ter\u00fclet\u00e9n 2025. szeptember\u00a0 19-\u00e9n a lakoss\u00e1gi riaszt\u00f3, \u2013t\u00e1j\u00e9koztat\u00f3\u00a0<em>(r\u00e9gi nev\u00e9n l\u00e9gv\u00e9delmi szir\u00e9na)\u00a0<\/em>eszk\u00f6z\u00f6k \u00fagynevezett\u00a0<em>\u201emorgat\u00f3\u201d\u00a0<\/em>pr\u00f3b\u00e1j\u00e1ttartja az \u00d6nkorm\u00e1nyzat \u00e9s az Egri Katasztr\u00f3fav\u00e9delmi Kirendelts\u00e9g, amelynek kellemetlens\u00e9gei\u00e9rt el\u0151re is k\u00e9rik a lakoss\u00e1g meg\u00e9rt\u00e9s\u00e9t. Az ellen\u0151rz\u00e9s sor\u00e1n a szir\u00e9na m\u0171k\u00f6dtet\u00e9sre ker\u00fcl, mely r\u00f6vid ideig tart\u00f3 hanghat\u00e1ssal j\u00e1r.<\/strong><\/p>\n\n\n\n<p>A telep\u00fcl\u00e9s ter\u00fclet\u00e9n l\u00e9v\u0151 lakoss\u00e1gi riaszt\u00f3, t\u00e1j\u00e9koztat\u00f3 eszk\u00f6z\u00f6k meghat\u00e1rozott hangjelz\u00e9sek lead\u00e1s\u00e1ra k\u00e9pesek, melyekkel sz\u00fcks\u00e9g eset\u00e9n figyelmeztethetik a lakoss\u00e1got egy katasztr\u00f3f\u00e1ra vagy vesz\u00e9lyhelyzetre. &nbsp;<\/p>\n\n\n\n<p>A szir\u00e9n\u00e1k&nbsp;<em>\u201emorgat\u00f3\u201d<\/em>&nbsp;\u2013 felfut\u00f3 hangjelz\u00e9s 6 m\u00e1sodpercen kereszt\u00fcli \u2013 pr\u00f3b\u00e1j\u00e1nak c\u00e9lja, ellen\u0151rizni az eszk\u00f6z\u00f6k \u00e1llapot\u00e1t \u00e9s, megvizsg\u00e1lni m\u0171k\u00f6d\u0151k\u00e9pess\u00e9g\u00e9t.<\/p>\n\n\n\n<p><strong><u>A pr\u00f3ba sor\u00e1n kiadott jelz\u00e9seket kiz\u00e1r\u00f3lag m\u0171szaki ellen\u0151rz\u00e9s c\u00e9lj\u00e1b\u00f3l adj\u00e1k le \u00e9s semmilyen vesz\u00e9ly bek\u00f6vetkezt\u00e9t sem jelzik, a lakoss\u00e1g a r\u00e9sz\u00e9r\u0151l semmif\u00e9le teend\u0151 nem sz\u00fcks\u00e9ges.<\/u><\/strong><\/p>\n\n\n\n<p>A katasztr\u00f3fav\u00e9delem \u00e9s az \u00e1ramszolg\u00e1ltat\u00f3 szakemberei a telep\u00fcl\u00e9sen tal\u00e1lhat\u00f3 valamennyi szir\u00e9n\u00e1t leellen\u0151rizik. Minden kapcsol\u00f3szekr\u00e9ny\u00e9hez odamennek, a speci\u00e1lis kulccsal felnyitj\u00e1k \u00e9s m\u0171k\u00f6d\u00e9sbe hozz\u00e1k a k\u00e9sz\u00fcl\u00e9keket. A pr\u00f3b\u00e1k a telep\u00fcl\u00e9sen \u00e9s a k\u00f6rnyez\u0151 telep\u00fcl\u00e9seken el\u0151re meghat\u00e1rozott terv alapj\u00e1n folyamatosan zajlanak.<\/p>\n\n\n\n<p>Egy bek\u00f6vetkezett, vagy el\u0151re jelzett katasztr\u00f3fa eset\u00e9n a hat\u00f3s\u00e1gok ezekkel az eszk\u00f6z\u00f6kkel is riasztj\u00e1k az \u00e1llampolg\u00e1rokat, \u00edgy fontos tudni, hogy hol sz\u00f3lalnak meg, illetve sz\u00fcks\u00e9ges e az eszk\u00f6z esetleges jav\u00edt\u00e1sa.<\/p>\n\n\n\n<p>A szir\u00e9n\u00e1k \u00fczempr\u00f3b\u00e1j\u00e1nak v\u00e9grehajt\u00e1sa a lakoss\u00e1g v\u00e9delm\u00e9t \u00e9s biztons\u00e1g\u00e1t szolg\u00e1lja.<\/p>\n","protected":false},"excerpt":{"rendered":"<p>Tisztelt Lakoss\u00e1g! Lakoss\u00e1gi riaszt\u00f3 eszk\u00f6z\u00f6k (szir\u00e9na) pr\u00f3b\u00e1ja V\u00e1rasz\u00f3 ter\u00fclet\u00e9n T\u00e1j\u00e9koztatom a tisztelt lakoss\u00e1got, hogy\u00a0V\u00e1rasz\u00f3 telep\u00fcl\u00e9s ter\u00fclet\u00e9n 2025. szeptember\u00a0 19-\u00e9n a lakoss\u00e1gi riaszt\u00f3, \u2013t\u00e1j\u00e9koztat\u00f3\u00a0(r\u00e9gi nev\u00e9n l\u00e9gv\u00e9delmi szir\u00e9na)\u00a0eszk\u00f6z\u00f6k \u00fagynevezett\u00a0\u201emorgat\u00f3\u201d\u00a0pr\u00f3b\u00e1j\u00e1ttartja az \u00d6nkorm\u00e1nyzat \u00e9s az Egri Katasztr\u00f3fav\u00e9delmi Kirendelts\u00e9g, amelynek kellemetlens\u00e9gei\u00e9rt el\u0151re is k\u00e9rik a lakoss\u00e1g meg\u00e9rt\u00e9s\u00e9t. Az ellen\u0151rz\u00e9s sor\u00e1n a szir\u00e9na m\u0171k\u00f6dtet\u00e9sre ker\u00fcl, mely r\u00f6vid ideig tart\u00f3 hanghat\u00e1ssal j\u00e1r. [&hellip;]<\/p>\n","protected":false},"author":10,"featured_media":1994,"comment_status":"closed","ping_status":"open","sticky":false,"template":"","format":"standard","meta":{"footnotes":""},"categories":[30],"tags":[],"class_list":{"0":"post-1993","1":"post","2":"type-post","3":"status-publish","4":"format-standard","5":"has-post-thumbnail","7":"category-hirek"},"_links":{"self":[{"href":"https:\/\/varaszo.hu\/index.php?rest_route=\/wp\/v2\/posts\/1993","targetHints":{"allow":["GET"]}}],"collection":[{"href":"https:\/\/varaszo.hu\/index.php?rest_route=\/wp\/v2\/posts"}],"about":[{"href":"https:\/\/varaszo.hu\/index.php?rest_route=\/wp\/v2\/types\/post"}],"author":[{"embeddable":true,"href":"https:\/\/varaszo.hu\/index.php?rest_route=\/wp\/v2\/users\/10"}],"replies":[{"embeddable":true,"href":"https:\/\/varaszo.hu\/index.php?rest_route=%2Fwp%2Fv2%2Fcomments&post=1993"}],"version-history":[{"count":1,"href":"https:\/\/varaszo.hu\/index.php?rest_route=\/wp\/v2\/posts\/1993\/revisions"}],"predecessor-version":[{"id":1995,"href":"https:\/\/varaszo.hu\/index.php?rest_route=\/wp\/v2\/posts\/1993\/revisions\/1995"}],"wp:featuredmedia":[{"embeddable":true,"href":"https:\/\/varaszo.hu\/index.php?rest_route=\/wp\/v2\/media\/1994"}],"wp:attachment":[{"href":"https:\/\/varaszo.hu\/index.php?rest_route=%2Fwp%2Fv2%2Fmedia&parent=1993"}],"wp:term":[{"taxonomy":"category","embeddable":true,"href":"https:\/\/varaszo.hu\/index.php?rest_route=%2Fwp%2Fv2%2Fcategories&post=1993"},{"taxonomy":"post_tag","embeddable":true,"href":"https:\/\/varaszo.hu\/index.php?rest_route=%2Fwp%2Fv2%2Ftags&post=1993"}],"curies":[{"name":"wp","href":"https:\/\/api.w.org\/{rel}","templated":true}]}}